{"id":484,"date":"2026-04-30T13:08:45","date_gmt":"2026-04-30T16:08:45","guid":{"rendered":"https:\/\/laidea.ar\/?p=484"},"modified":"2026-04-30T13:08:45","modified_gmt":"2026-04-30T16:08:45","slug":"media-naranja-la-comuna-del-hermoso-nombre","status":"publish","type":"post","link":"https:\/\/laidea.ar\/?p=484","title":{"rendered":"MEDIA NARANJA, LA COMUNA DEL HERMOSO NOMBRE"},"content":{"rendered":"\n<h2 class=\"wp-block-heading\"><strong><em>Ya tiene fecha de fundaci\u00f3n y un libro sobre su historia<\/em><\/strong><\/h2>\n\n\n\n<p class=\"has-text-align-right\"><em>Por Graciela Gonano<\/em><\/p>\n\n\n\n<p><strong><em>Agradecemos desde La Idea al Se\u00f1or Secretario de Gobierno Osvaldo Walter Luna por acercarnos ejemplares de este trabajo y con \u00e9l, parte de su historia.<\/em><\/strong><\/p>\n\n\n\n<p>El viernes 20 de marzo a las 11 horas fue la presentaci\u00f3n en la Comuna y la misma se reiter\u00f3 en el Centro Cultural \u201cEl Puente\u201d el martes 14 de abril a las 19 horas, del libro EL ORIGEN DE MEDIA NARANJA, HISTORIA, PROMESA Y FUNDACI\u00d3N.<\/p>\n\n\n\n<p>Como dice en su contratapa la Licenciada Claudia Sobrero con el mismo se desentra\u00f1\u00f3 \u201cuna etapa clave de la historia comunal, que no solo ayuda a comprender el pasado sino tambi\u00e9n a interpretar la actualidad.\u201d<\/p>\n\n\n\n<p>Esta localidad se encuentra a 165 kil\u00f3metros de C\u00f3rdoba Capital&nbsp; y tiene un radio comunal que lo constituyen las localidades de dicho nombre, de Palo Parado, de El Barrial y de Puesto del Gallo.<\/p>\n\n\n\n<p>Con un nombre que hace referencia a la forma de los campos ubicados al norte y al sur de la localidad, hacia 1800 se instalaron en la zona una familia de colonizadores espa\u00f1oles don Cipriano Heredia y do\u00f1a Avelina Villada quienes construyen all\u00ed una estancia origen del caser\u00edo que se acomod\u00f3 a su alrededor en forma de casco semejante a una media naranja.<\/p>\n\n\n\n<p>Con el tiempo, fue tomando forma en ella una pujante producci\u00f3n agr\u00edcola- ganadera de tomate, ajo, cebolla, zapallo, pimiento, sand\u00eda, melones, duraznos, olivos y alfalfa, con ganader\u00eda fundamentalmente bovina, pero tambi\u00e9n caprina y ovina, cuya provisi\u00f3n de agua para riego se realiza a trav\u00e9s del dique de Cruz del Eje y que ha derivado con el progreso con la colocaci\u00f3n de bombas para riego por goteo. Al igual que la instalaci\u00f3n de mallas antigranizo e invernaderos.<\/p>\n\n\n\n<p>El texto, como lo indica su nombre, se centra en los or\u00edgenes del lugar y como dice la Licenciada Sandra In\u00e9s Caz\u00f3n en la Introducci\u00f3n, aspira ser \u201cel primero de muchos para que el pasado no se desvanezca en la memoria oral porque su rescate es un acto de reivindicaci\u00f3n de la identidad\u201d.<\/p>\n\n\n\n<p>El producto literario es fruto de una experiencia de trabajo colectivo, en el que tambi\u00e9n intervinieron alumnos del equipo de investigaci\u00f3n conformado con la profesora Mar\u00eda de los \u00c1ngeles Rovelli, la profesora Roxana A. Alamo y el profesor Mat\u00edas E. Oliva.<\/p>\n\n\n\n<p>A partir de esta investigaci\u00f3n, se constat\u00f3 la ausencia de registros que establezcan una fecha precisa de fundaci\u00f3n pero&nbsp; con el an\u00e1lisis de fuentes y por la tradici\u00f3n oral, se propuso, como uno de los muchos e interesantes aportes de la obra, la fecha simb\u00f3lica de fundaci\u00f3n de Media Naranja el 25 de marzo, d\u00eda de la Anunciaci\u00f3n del Se\u00f1or, por su carga espiritual y su relaci\u00f3n con la devoci\u00f3n de la familia Heredia y la participaci\u00f3n activa en la organizaci\u00f3n social de la zona.<\/p>\n\n\n\n<figure class=\"wp-block-gallery has-nested-images columns-default is-cropped wp-block-gallery-1 is-layout-flex wp-block-gallery-is-layout-flex\">\n<figure class=\"wp-block-image size-large\"><img loading=\"lazy\" decoding=\"async\" width=\"960\" height=\"622\" data-id=\"489\" src=\"https:\/\/laidea.ar\/wp-content\/uploads\/2026\/04\/WhatsApp-Image-2026-04-26-at-20.16.25.jpeg\" alt=\"\" class=\"wp-image-489\" srcset=\"https:\/\/laidea.ar\/wp-content\/uploads\/2026\/04\/WhatsApp-Image-2026-04-26-at-20.16.25.jpeg 960w, https:\/\/laidea.ar\/wp-content\/uploads\/2026\/04\/WhatsApp-Image-2026-04-26-at-20.16.25-300x194.jpeg 300w, https:\/\/laidea.ar\/wp-content\/uploads\/2026\/04\/WhatsApp-Image-2026-04-26-at-20.16.25-768x498.jpeg 768w\" sizes=\"auto, (max-width: 960px) 100vw, 960px\" \/><\/figure>\n\n\n\n<figure class=\"wp-block-image size-large\"><img loading=\"lazy\" decoding=\"async\" width=\"720\" height=\"677\" data-id=\"487\" src=\"https:\/\/laidea.ar\/wp-content\/uploads\/2026\/04\/WhatsApp-Image-2026-04-26-at-20.16.24-1.jpeg\" alt=\"\" class=\"wp-image-487\" srcset=\"https:\/\/laidea.ar\/wp-content\/uploads\/2026\/04\/WhatsApp-Image-2026-04-26-at-20.16.24-1.jpeg 720w, https:\/\/laidea.ar\/wp-content\/uploads\/2026\/04\/WhatsApp-Image-2026-04-26-at-20.16.24-1-300x282.jpeg 300w\" sizes=\"auto, (max-width: 720px) 100vw, 720px\" \/><\/figure>\n\n\n\n<figure class=\"wp-block-image size-large\"><img loading=\"lazy\" decoding=\"async\" width=\"720\" height=\"542\" data-id=\"488\" src=\"https:\/\/laidea.ar\/wp-content\/uploads\/2026\/04\/WhatsApp-Image-2026-04-26-at-20.16.24.jpeg\" alt=\"\" class=\"wp-image-488\" srcset=\"https:\/\/laidea.ar\/wp-content\/uploads\/2026\/04\/WhatsApp-Image-2026-04-26-at-20.16.24.jpeg 720w, https:\/\/laidea.ar\/wp-content\/uploads\/2026\/04\/WhatsApp-Image-2026-04-26-at-20.16.24-300x226.jpeg 300w\" sizes=\"auto, (max-width: 720px) 100vw, 720px\" \/><\/figure>\n\n\n\n<figure class=\"wp-block-image size-large\"><img loading=\"lazy\" decoding=\"async\" width=\"576\" height=\"1024\" data-id=\"490\" src=\"https:\/\/laidea.ar\/wp-content\/uploads\/2026\/04\/WhatsApp-Image-2026-04-26-at-20.16.26-576x1024.jpeg\" alt=\"\" class=\"wp-image-490\" srcset=\"https:\/\/laidea.ar\/wp-content\/uploads\/2026\/04\/WhatsApp-Image-2026-04-26-at-20.16.26-576x1024.jpeg 576w, https:\/\/laidea.ar\/wp-content\/uploads\/2026\/04\/WhatsApp-Image-2026-04-26-at-20.16.26-169x300.jpeg 169w, https:\/\/laidea.ar\/wp-content\/uploads\/2026\/04\/WhatsApp-Image-2026-04-26-at-20.16.26.jpeg 720w\" sizes=\"auto, (max-width: 576px) 100vw, 576px\" \/><\/figure>\n\n\n\n<figure class=\"wp-block-image size-large\"><img loading=\"lazy\" decoding=\"async\" width=\"576\" height=\"1024\" data-id=\"491\" src=\"https:\/\/laidea.ar\/wp-content\/uploads\/2026\/04\/WhatsApp-Image-2026-04-26-at-20.16.23-1-576x1024.jpeg\" alt=\"\" class=\"wp-image-491\" srcset=\"https:\/\/laidea.ar\/wp-content\/uploads\/2026\/04\/WhatsApp-Image-2026-04-26-at-20.16.23-1-576x1024.jpeg 576w, https:\/\/laidea.ar\/wp-content\/uploads\/2026\/04\/WhatsApp-Image-2026-04-26-at-20.16.23-1-169x300.jpeg 169w, https:\/\/laidea.ar\/wp-content\/uploads\/2026\/04\/WhatsApp-Image-2026-04-26-at-20.16.23-1.jpeg 720w\" sizes=\"auto, (max-width: 576px) 100vw, 576px\" \/><\/figure>\n\n\n\n<figure class=\"wp-block-image size-large\"><img loading=\"lazy\" decoding=\"async\" width=\"576\" height=\"1024\" data-id=\"486\" src=\"https:\/\/laidea.ar\/wp-content\/uploads\/2026\/04\/WhatsApp-Image-2026-04-26-at-20.16.23-576x1024.jpeg\" alt=\"\" class=\"wp-image-486\" srcset=\"https:\/\/laidea.ar\/wp-content\/uploads\/2026\/04\/WhatsApp-Image-2026-04-26-at-20.16.23-576x1024.jpeg 576w, https:\/\/laidea.ar\/wp-content\/uploads\/2026\/04\/WhatsApp-Image-2026-04-26-at-20.16.23-169x300.jpeg 169w, https:\/\/laidea.ar\/wp-content\/uploads\/2026\/04\/WhatsApp-Image-2026-04-26-at-20.16.23.jpeg 720w\" sizes=\"auto, (max-width: 576px) 100vw, 576px\" \/><\/figure>\n<\/figure>\n","protected":false},"excerpt":{"rendered":"<p>Ya tiene fecha de fundaci\u00f3n y un libro sobre su historia Por Graciela Gonano Agradecemos desde La Idea al Se\u00f1or Secretario de Gobierno Osvaldo Walter Luna por acercarnos ejemplares de este trabajo y con \u00e9l, parte de su historia. El viernes 20 de marzo a las 11 horas fue la presentaci\u00f3n en la Comuna y<\/p>\n","protected":false},"author":2,"featured_media":485,"comment_status":"open","ping_status":"open","sticky":false,"template":"","format":"standard","meta":{"footnotes":""},"categories":[1],"tags":[],"class_list":["post-484","post","type-post","status-publish","format-standard","has-post-thumbnail","hentry","category-sin-categoria"],"_links":{"self":[{"href":"https:\/\/laidea.ar\/index.php?rest_route=\/wp\/v2\/posts\/484","targetHints":{"allow":["GET"]}}],"collection":[{"href":"https:\/\/laidea.ar\/index.php?rest_route=\/wp\/v2\/posts"}],"about":[{"href":"https:\/\/laidea.ar\/index.php?rest_route=\/wp\/v2\/types\/post"}],"author":[{"embeddable":true,"href":"https:\/\/laidea.ar\/index.php?rest_route=\/wp\/v2\/users\/2"}],"replies":[{"embeddable":true,"href":"https:\/\/laidea.ar\/index.php?rest_route=%2Fwp%2Fv2%2Fcomments&post=484"}],"version-history":[{"count":1,"href":"https:\/\/laidea.ar\/index.php?rest_route=\/wp\/v2\/posts\/484\/revisions"}],"predecessor-version":[{"id":492,"href":"https:\/\/laidea.ar\/index.php?rest_route=\/wp\/v2\/posts\/484\/revisions\/492"}],"wp:featuredmedia":[{"embeddable":true,"href":"https:\/\/laidea.ar\/index.php?rest_route=\/wp\/v2\/media\/485"}],"wp:attachment":[{"href":"https:\/\/laidea.ar\/index.php?rest_route=%2Fwp%2Fv2%2Fmedia&parent=484"}],"wp:term":[{"taxonomy":"category","embeddable":true,"href":"https:\/\/laidea.ar\/index.php?rest_route=%2Fwp%2Fv2%2Fcategories&post=484"},{"taxonomy":"post_tag","embeddable":true,"href":"https:\/\/laidea.ar\/index.php?rest_route=%2Fwp%2Fv2%2Ftags&post=484"}],"curies":[{"name":"wp","href":"https:\/\/api.w.org\/{rel}","templated":true}]}}